{"id":6298,"date":"2024-06-10T21:20:13","date_gmt":"2024-06-10T19:20:13","guid":{"rendered":"https:\/\/how-to-live.de\/?p=6298"},"modified":"2024-06-11T11:56:39","modified_gmt":"2024-06-11T09:56:39","slug":"geschichte-wiederholt-sich-eine-philosophische-deutung-der-europawahlen","status":"publish","type":"post","link":"https:\/\/how-to-live.de\/en\/history-repeats-a-philosophical-interpretation-of-the-european-elections\/","title":{"rendered":"History repeats itself: A philosophical interpretation of the European elections"},"content":{"rendered":"\n<p>Am gestrigen Tage w\u00e4hlte das Deutsche Volk f\u00fcr die Europawahl. Das Ergebnis war nicht sonderlich \u00fcberraschend. Nichtsdestotrotz wollen wir das Ergebnis und was es bedeutet auf philosophische Art deuten und unsere Meinung hierzu \u00e4u\u00dfern.<br><br>Nicht nur Hegel bemerkte, dass sich die Ereignisse der Geschichte immer zweimal wiederholen, auch George Santayana sagte:&nbsp;<\/p>\n\n\n\n<figure class=\"wp-block-pullquote\"><blockquote><p><strong>\u201cWer die Vergangenheit vergisst, ist verdammt, sie zu wiederholen.\u201c&nbsp;<\/strong><\/p><\/blockquote><\/figure>\n\n\n\n<p>Um diese Wiederholung zu verdeutlichen, werden wir in den folgenden Abs\u00e4tzen zwei geschichtliche Ereignisse gegen\u00fcberstellen. Hierbei solltest du versuchen, die Unterschiede in den zeitlich getrennten Ereignissen zu finden.<br><br><strong>Erstes Ereignis<\/strong><\/p>\n\n\n\n<p>Die Nationalsozialistische Deutsche Arbeiterpartei (NSDAP) schaffte es, in den 1920er und fr\u00fchen 1930er Jahren in Deutschland an die Macht zu kommen, indem sie eine Mischung aus politischem Opportunismus, geschickter Propaganda und der Ausnutzung gesellschaftlicher \u00c4ngste und Unzufriedenheit nutzte. Besonders ausschlaggebend war die Weltwirtschaftskrise von 1929, die zu massiver Arbeitslosigkeit und wirtschaftlichem Elend f\u00fchrte. In dieser Atmosph\u00e4re des sozialen und wirtschaftlichen Chaos fanden die radikalen Ideen der NSDAP zunehmend Anklang.<\/p>\n\n\n\n<p>Die NSDAP propagierte die Idee, dass Ausl\u00e4nder:innen, insbesondere Juden, f\u00fcr die wirtschaftlichen und sozialen Probleme Deutschlands verantwortlich seien. Sie verbreiteten antisemitische Verschw\u00f6rungstheorien und beschuldigten j\u00fcdische Menschen, die deutsche Wirtschaft und Politik zu kontrollieren und zu sabotieren. Diese Hetze fand in einer Bev\u00f6lkerung, die nach S\u00fcndenb\u00f6cken f\u00fcr ihre Misere suchte, fruchtbaren Boden.<\/p>\n\n\n\n<p><strong>Zweites Ereignis:<\/strong><\/p>\n\n\n\n<p>Die AfD schaffte es, in den 2010er und fr\u00fchen 2020er Jahren in Deutschland immer mehr W\u00e4hler:innen zu bekommen, indem sie eine Mischung aus politischem Opportunismus, geschickter <a href=\"https:\/\/de.statista.com\/infografik\/7616\/fans-der-parteien-in-den-sozialen-netzwerken\/\">Social Media Propaganda<\/a> und der Ausnutzung gesellschaftlicher \u00c4ngste und Unzufriedenheit nutzte. Besonders ausschlaggebend war die wirtschaftliche Instabilit\u00e4t, welche aus verschiedenen geopolitischen Gr\u00fcnden entstand, die zu einer erh\u00f6hten Inflation f\u00fchrte. In dieser Atmosph\u00e4re des sozialen und wirtschaftlichen Chaos fanden die radikalen Ideen der AfD zunehmend Anklang.<\/p>\n\n\n\n<p>Die AfD propagierte die Idee, dass Ausl\u00e4nder:innen f\u00fcr die wirtschaftlichen und sozialen Probleme Deutschlands verantwortlich seien. Sie verbreiteten Verschw\u00f6rungstheorien und beschuldigten nicht-deutsche Menschen, die deutsche Wirtschaft und Politik zu kontrollieren und zu sabotieren. Diese Hetze fand in einer Bev\u00f6lkerung, die nach S\u00fcndenb\u00f6cken f\u00fcr ihre Misere suchte, fruchtbaren Boden.<\/p>\n\n\n\n<figure class=\"wp-block-image\"><img decoding=\"async\" src=\"https:\/\/lh7-us.googleusercontent.com\/docsz\/AD_4nXeu6S68J3F8ka6J00i8c6ew-Mr6Ax3Inm3WlYLRk9SdVlAvd02_Xh7RLRG89WHI2k0r_Y8a9EjQybajnGGghESH1ON62GBEWZn4lR4R75QlxHwHMwA0-mcZTf6ifQteh2964Y9JW2IzogNeX8YsifgsKWhn?key=--E-RF7zY9IIDK5pjff3fA\" alt=\"\"\/><\/figure>\n\n\n\n<p>Die Parallelen dieser zwei Geschichten m\u00fcssen wir hoffentlich nicht weiter erl\u00e4utern, da sie f\u00fcr jeden Menschen der mehr als zwei Synapsen in seinem Gehirn beheimatet, eindeutig erkennbar sein m\u00fcssten. Die Frage, die hier nun aber aufgeworfen wird, ist, weshalb eine so offensichtliche Wiederholung erneut passiert.&nbsp;<\/p>\n\n\n\n<p>Zum einen kann dies daran liegen, dass die meisten Leute den Geschichtsunterricht eher dazu nutzen, gedankenverloren aus dem Fenster zu schauen oder mit Klassenkameraden herumzualbern. Zum anderen kann es aber auch an der Ignoranz oder dem Egoismus des Menschen liegen.<\/p>\n\n\n\n<p>Der Fakt, dass unsichere Zeiten immer konservative Wahlergebnisse erzielen, ist kein neuer. Was uns aber pers\u00f6nlich verwundert ist, dass die Zeiten nicht so unsicher sind. Ja, in den letzten Jahren gab es innerhalb Deutschlands eine Pandemie, steigende Lebenshaltungskosten und eine gewisse Spaltung innerhalb der Bev\u00f6lkerung. Allerdings hat Deutschland dieses Jahr Japan als drittgr\u00f6\u00dfte Volkswirtschaft abgel\u00f6st (<a href=\"https:\/\/www.n-tv.de\/wirtschaft\/Deutschland-loest-Japan-als-drittgroesste-Volkswirtschaft-der-Welt-ab-article24737094.html\" target=\"_blank\" rel=\"noopener\" title=\"\">n-TV<\/a>) und die Corona-Pandemie gr\u00f6\u00dftenteils hinter sich gelassen. Auch die Energiewende l\u00e4uft hervorragend (<a href=\"https:\/\/www.bundesregierung.de\/breg-de\/schwerpunkte\/klimaschutz\/faq-energiewende-2067498\">Bericht Bundesregierung<\/a>).<\/p>\n\n\n\n<p>Das wiederum kann ein Grund daf\u00fcr sein, dass trotz der relativ stabilen sozialen Verh\u00e4ltnisse ein solcher Rechtsruck passiert und sorgt daf\u00fcr, dass die Politische B\u00fchne in den letzten Jahren immer weiter vom Faktischen hin zum Populistischen rutscht. Doch wie kam es \u00fcberhaupt dazu, dass Fakten immer weniger wert wurden und wie schaffen es Populisten so viel Anklang zu finden?<\/p>\n\n\n\n<div style=\"height:100px\" aria-hidden=\"true\" class=\"wp-block-spacer\"><\/div>\n\n\n\n<h3 class=\"wp-block-heading\">Warum sind Populisten so erfolgreich?<\/h3>\n\n\n\n<p>Die Antwort auf diese Frage wirkt auf den ersten Blick denkbar einfach. Besonders j\u00fcngste Ereignisse wie der <a href=\"https:\/\/www.politico.eu\/podcast\/der-polizisten-mord-von-mannheim-und-die-politischen-folgen\/\" target=\"_blank\" rel=\"noopener\" title=\"\">Mord am Polizisten Ruven L. in Mannheim<\/a> lassen gut nachvollziehen, wieso Menschen den populisitischen Parteien Geh\u00f6r und auch Ihre Stimmen schenken, denn sie bedienen sich der Angst und der Unzufriedenheit der Bev\u00f6lkerung. Das derartiges \u2013 so tragisch es auch ist \u2013 nicht verhindert werden kann, jedenfalls nicht ohne die Freiheit, die den gleichen Parteien scheinbar so wichtig ist, komplett zu beschneiden, wird hier nicht ber\u00fccksichtigt. Gem\u00e4ss populistischem Einmaleins wird die Schuld auf die amtierende Regierung geschoben (im oben genannten Beispiel auf die Migrationspolitik der letzten zwanzig Jahre) und eine L\u00f6sung des Problems geboten: Mehr Sicherheit in Deutschland. In diesem konkreten Fall eine andere Bezeichnung f\u00fcr Abschottung, die \u00fcbrigens in keinem Beispiel der Menschheitsgeschichte, je langfristig Vorteile brachte. Abschottung f\u00fchrt erfahrungsgem\u00e4\u00df immer zu R\u00fcckst\u00e4ndigkeit und inneren Spannungen. Populisten ignorieren diese historischen Lektionen oft, um kurzfristige politische Gewinne zu erzielen.\u00a0<\/p>\n\n\n\n<p>Hier sind einige Beispiele aus der Geschichte:<\/p>\n\n\n\n<ol class=\"wp-block-list\">\n<li><strong>Japanische Isolation (Sakoku)<\/strong>: Von 1639 bis 1853 verfolgte Japan eine Politik der weitgehenden Isolation vom Rest der Welt, bekannt als Sakoku. Diese Isolation erm\u00f6glichte es Japan, soziale Stabilit\u00e4t zu bewahren und kulturelle Entwicklungen zu f\u00f6rdern. Allerdings f\u00fchrte die Abschottung auch dazu, dass Japan technologisch und milit\u00e4risch hinter den westlichen Nationen zur\u00fcckblieb. Als Japan schlie\u00dflich gezwungen wurde, sich zu \u00f6ffnen, erkannte es schnell, dass es erheblich aufholen musste, was zu einer raschen und teilweise schmerzhaften Modernisierung f\u00fchrte.<\/li>\n\n\n\n<li><strong>Chinesische Isolation w\u00e4hrend der Ming-Dynastie<\/strong>: Die Ming-Dynastie (1368\u20131644) ist bekannt f\u00fcr ihre Entscheidung, die ber\u00fchmten Schatzflotten von Admiral Zheng He einzustellen und die Au\u00dfenpolitik Chinas st\u00e4rker auf Isolation auszurichten. Diese Isolation trug dazu bei, die innere Stabilit\u00e4t zu bewahren, f\u00fchrte jedoch auch dazu, dass China den technologischen und wirtschaftlichen Fortschritt der europ\u00e4ischen M\u00e4chte verpasste, was im 19. Jahrhundert zu erheblichen Nachteilen f\u00fchrte.<\/li>\n\n\n\n<li><strong>Die Isolation Nordkoreas<\/strong>: Seit dem Koreakrieg in den 1950er Jahren hat Nordkorea eine extrem isolationistische Politik verfolgt. Diese Isolation hat zwar die Kontrolle der herrschenden Elite \u00fcber das Land gesichert, aber auch zu wirtschaftlicher Stagnation, weit verbreiteter Armut und internationaler Isolation gef\u00fchrt. Der Vergleich mit dem deutlich wohlhabenderen und technologisch fortgeschritteneren S\u00fcdkorea zeigt die Nachteile einer solchen Politik.<\/li>\n<\/ol>\n\n\n\n<p>Am genannten Beispiel der Abschottung l\u00e4sst sich eine typische Vorgehensweise erkennen: Es werden f\u00fcr komplexe Sachverhalte einfache Erkl\u00e4rungen geboten. Das ist nicht nur bei der wahrgenommenen Bedrohung von Au\u00dfen der Fall, sondern auch etlichen anderen Themen wie den Problemen die der menschengemachte Klimawandel mit sich bringt. Statt sich mit der Komplexit\u00e4t dieser Thematik auseinanderzusetzen, erfolgt die denkbar einfachste L\u00f6sung: Es gibt ihn gar nicht. Diese Taktik, komplexe Probleme zu leugnen oder zu simplifizieren, spricht viele Menschen an, die sich durch die Herausforderungen der modernen Welt \u00fcberfordert f\u00fchlen und einfache Antworten suchen.<\/p>\n\n\n\n<figure class=\"wp-block-pullquote\"><blockquote><p><strong><em>\u201cFor every complex problem there is an answer that is clear, simple, and wrong. \u201c<\/em><\/strong><br><strong><em><br><\/em><\/strong>[&#8222;F\u00fcr jedes komplexe Problem gibt es eine Antwort, die klar, einfach und falsch ist.&#8220;]<\/p><cite><strong><em>H. L. Mencken<\/em><\/strong><\/cite><\/blockquote><\/figure>\n\n\n\n<p>Populisten nutzen also gezielt die Unsicherheit und das Bed\u00fcrfnis nach einfachen Erkl\u00e4rungen aus, um Zustimmung zu gewinnen. Dabei verschweigen sie die langfristigen Konsequenzen und die historische Evidenz, dass Simplifizierung selten zu nachhaltigen L\u00f6sungen f\u00fchrt.<\/p>\n\n\n\n<p>Ein weiterer Grund, wieso der Mensch derart empf\u00e4nglich f\u00fcr Populismus ist, ist, dass sich dieser in emotionaler Art pr\u00e4sentiert und sich somit grundlegende psychische Mechanismen zu eigen macht. Selbst wenn der Mensch auch ein rationales Wesen ist, ist er noch vielmehr ein emotionales Wesen. Wer die ein oder andere Talkshow gesehen hat, bei der Forscher: innen von Redner:innen irgendwelcher Lobby-Verb\u00e4nde auseinandergenommen werden, weil sie Fakten liefern und den wissenschaftlichen Konsens verteidigen, statt sich Gegenfragen zu bedienen und die Diskussion mit dem Wecken der Emotionen des Publikums beeinflussen, der wei\u00df was hier gemeint ist.<\/p>\n\n\n\n<p>Das j\u00fcngste Ergebnis dieses Umstandes ist, dass emotional geladene Themen, wie die Angst vor Fremden, Ereignisse wie den Klimawandel deutlich \u00fcberschatten. Obwohl die j\u00fcngsten Hochwasser in Deutschland verheerend sind, besitzt dieses Thema bei einem gro\u00dfen Teil der W\u00e4hlerschaft entweder keine Signifikanz oder wird gleich als unwahr abgetan &#8211; und das w\u00e4hrend wir bereits das sechste Jahrhunderthochwasser verzeichnen, aber erst ein Viertel des laufenden Jahrhunderts geschrieben wurde. W\u00e4hrend man argumentieren k\u00f6nnte, dass diese Hochwasser schon ausreichend problematisch sein sollten, um zum Umdenken zu bewegen, sind die menschenverachtenden Aussagen gewisser Populisten im Bezug auf Fremde beziehungsweise Menschen mit Migrationshintergrund zweifelsohne Grund genug.<\/p>\n\n\n\n<p>Das Bundesverfassungsgericht M\u00fcnster gab dem Bundesamt f\u00fcr Verfassungsschutz recht, dass es die AfD als rechtsextremistischen Verdachtsfall einstufen darf (<a href=\"https:\/\/www.tagesschau.de\/inland\/innenpolitik\/afd-ovg-verdachtsfall-100.html#:~:text=Der%20Verfassungsschutz%20hat%20die%20AfD,die%20Berufung%20der%20Partei%20zur%C3%BCck\" target=\"_blank\" rel=\"noopener\" title=\"\">Tagesschau<\/a>). Dies hat zur Folge, dass der Verfassungsschutz weiter nachrichtendienstliche Mittel zur Beobachtung der Partei einsetzen kann.<br><br>Dieser Fakt scheint den W\u00e4hler:innen allerdings egal zu sein. Dies liegt unserer Meinung zu einem gro\u00dfen Teil daran, dass die W\u00e4hler:innen dem Staat, der aktuellen Regierung und ihren Instanzen kaum bis kein Vertrauen entgegenbringen. Sie meinen, der Staat und seine Regierung seien korrupt geworden, da sie zu lange an der Macht waren.<\/p>\n\n\n\n<p>Was uns allerdings stark verwundert oder besser gesagt uns mit der Handfl\u00e4che auf die Stirn schlagen l\u00e4sst, ist der Fakt, dass diese W\u00e4hler nicht so skeptisch hinterfragen, ob die neue Regierung \u2013 in diesem Fall dann aus AfD bestehend \u2013 nicht auch in dem Moment korrupt wird, in dem sie an die Macht kommt. Hierbei ist aber zu bedenken, dass die AfD jetzt schon mehrere Korruptionsskandale und Verfahren gegen sich am Laufen hat.<\/p>\n\n\n\n<p>Einen \u00e4hnlich seichten Gedankengang hatte das russische Volk vor der Oktoberrevolution. Das alte Establishment ist schon zu lange an der Macht und deshalb brauchen wir ein neues. Dass die neue Regierung aber auch genau in der Sekunde korrumpiert, in der sie an die Macht kommt, hatte hier keiner kommen sehen.<\/p>\n\n\n\n<p>Eine wichtige Frage ist nun<em> cui bono<\/em>, zu deutsch wer hat einen Vorteil (hiervon). Wer profitiert also vom Rechtsrutsch Europas und von der Spaltung der Europ\u00e4ischen Bev\u00f6lkerung.<\/p>\n\n\n\n<div style=\"height:100px\" aria-hidden=\"true\" class=\"wp-block-spacer\"><\/div>\n\n\n\n<h3 class=\"wp-block-heading\">Wer hat Interesse an der aktuellen Entwicklung und warum?<\/h3>\n\n\n\n<p>Wer hat Interesse an der aktuellen Entwicklung in Deutschland? Wer profitiert vom Rechtsrutsch? Der naheliegendste Beg\u00fcnstigte ist die AfD selbst. Aber wer ist die AfD, beziehungsweise, wer steht hinter dieser?<\/p>\n\n\n\n<p>Zum einen haben wir hier die Politker:innen der AfD, die gro\u00dfes Interesse am Aufschwung der eigenen Partei haben. Schon klar. Aber das ist nur die Spitze des Eisbergs. Unter der Oberfl\u00e4che geht es weiter mit den einzelnen Politiker:innen der Partei, welche wirtschaftliche Interesse am Zulauf haben k\u00f6nnten. Hier lohnt sich <a href=\"https:\/\/lobbypedia.de\/wiki\/Alternative_f%C3%BCr_Deutschland_(Afd)\">ein Blick auf Lobbypedia<\/a>, der das zu best\u00e4tigen scheint. Zugegeben, Lobbyismus und Interessenkonflikte sind definitiv kein exklusives AfD-Problem, sondern ein generelles Problem in der politischen Landschaft in Deutschland, das sich klar abzeichnet. Dennoch ist offensichtlich, dass sich die AfD widerspr\u00fcchlicherweise als Partei f\u00fcr die Unter- und Mittelschicht pr\u00e4sentiert. W\u00e4hrend sich die Partei in ihrem Wahlprogramm und in ihren politischen Aussagen oft als Partei, die die Interessen der &#8222;einfachen Leute&#8220; vertreten m\u00f6chte darstellt, gibt es verschiedene Aspekte ihrer Politik, die auf die Bevorteilung von Reichen abzuzielen scheint. Hier sind einige Punkte aus dem Wahlprogramm und der politischen Praxis der AfD:<\/p>\n\n\n\n<ol class=\"wp-block-list\">\n<li><strong>Steuerpolitik<\/strong>:\n<ul class=\"wp-block-list\">\n<li><strong>Flat Tax<\/strong>: Die AfD hat in fr\u00fcheren Programmen eine Flat Tax gefordert, die eine einheitliche Steuer f\u00fcr alle Einkommensgruppen vorsah. Kritiker argumentieren, dass dies vor allem h\u00f6here Einkommen beg\u00fcnstigte, da die relative Steuerlast f\u00fcr Wohlhabendere sinkt.<\/li>\n\n\n\n<li><strong>Abschaffung der Erbschaftssteuer<\/strong>: Dies w\u00fcrde in erster Linie Wohlhabende und Erben von gro\u00dfen Verm\u00f6gen entlasten, was tendenziell zur Bevorteilung Reicher f\u00fchren w\u00fcrde.<\/li>\n<\/ul>\n<\/li>\n<\/ol>\n\n\n\n<ol class=\"wp-block-list\" start=\"2\">\n<li><strong>Sozialpolitik<\/strong>:\n<ul class=\"wp-block-list\">\n<li><strong>Ablehnung von Hartz IV und Grundsicherung<\/strong>: Die AfD sprach sich gegen die bestehende Form von Sozialleistungen aus und schl\u00e4gt stattdessen ein &#8222;B\u00fcrgergeld&#8220; vor, das jedoch keine wesentliche Verbesserung f\u00fcr die Unterschicht darstellt.<\/li>\n\n\n\n<li><strong>Familienf\u00f6rderung<\/strong>: Die Partei setzt sich f\u00fcr Steuererleichterungen f\u00fcr Familien und h\u00f6here Kinderfreibetr\u00e4ge ein, was tendenziell der Mittelschicht zugutekommt, die von solchen Steuerentlastungen st\u00e4rker profitiert als die Unterschicht.<\/li>\n<\/ul>\n<\/li>\n<\/ol>\n\n\n\n<ol class=\"wp-block-list\" start=\"3\">\n<li><strong>Arbeitsmarktpolitik<\/strong>:\n<ul class=\"wp-block-list\">\n<li><strong>Gegen Mindestlohn<\/strong>: Die AfD ist \u00e4usserte sich f\u00fcr den gesetzlichen Mindestlohn und sprach sich f\u00fcr eine Flexibilisierung des Arbeitsmarktes aus. Dies k\u00f6nnte besonders f\u00fcr Geringverdiener nachteilig sein und beg\u00fcnstigt eher Arbeitgeber:innen und Unternehmen.<\/li>\n<\/ul>\n<\/li>\n<\/ol>\n\n\n\n<p>Nachlesen kannst du das oben genannte hier:<\/p>\n\n\n\n<ul class=\"wp-block-list\">\n<li><a href=\"https:\/\/www.smartsteuer.de\/blog\/2021\/07\/13\/bundestagswahl-2021-das-sind-die-steuerplaene-der-afd\/\" target=\"_blank\" rel=\"noopener\" title=\"\">Smartsteuer Blog: Bundestagswahl 2021 &#8211; Das sind die Steuerpl\u00e4ne der AfD<\/a><\/li>\n\n\n\n<li><a href=\"https:\/\/www.afd.de\/wahlprogramm-steuern-finanzen\/\" target=\"_blank\" rel=\"noopener\" title=\"\">AfD Wahlprogramm Steuern und Finanzen<\/a><\/li>\n<\/ul>\n\n\n\n<p>Wie ein Polit-Thriller wird es aber erst so richtig, wenn wir uns den Eisberg noch weiter unter der Oberfl\u00e4che anschauen. Hier entsteht n\u00e4mlich ein Bild, das f\u00fcr die AfD \u00fcberraschend international ist (<a href=\"https:\/\/www.lobbycontrol.de\/aus-der-lobbywelt\/der-afd-russland-china-komplex-115749\/\" target=\"_blank\" rel=\"noopener\" title=\"\">LobbyControl<\/a>).<\/p>\n\n\n\n<figure class=\"wp-block-image\"><img decoding=\"async\" src=\"https:\/\/lh7-us.googleusercontent.com\/docsz\/AD_4nXclJRDA5LHJhj4Aio-QU4DW5mRGEIz6IhuINmN87PXFcCTFy_i5YISDCfi1wo_5mjnEanf8_JdkzOCMCThMgJAZDBdm1alAzZ74mQi2yiCXv3XFcQK9VehmdDClm6ZT4NXbb2VvmRntHeOjh8MThmIohS2f?key=--E-RF7zY9IIDK5pjff3fA\" alt=\"\"\/><\/figure>\n\n\n\n<p>Es gibt Hinweise darauf, dass Regierungen anderer L\u00e4nder, insbesondere Russland, ein Interesse daran haben k\u00f6nnten, rechtspopulistische Bewegungen in Europa zu unterst\u00fctzen, um die Politik zu destabilisieren und ihre eigenen geopolitischen Ziele zu f\u00f6rdern:<\/p>\n\n\n\n<p>Es gibt mehrere Berichte, die darauf hinweisen, dass Russland finanzielle Unterst\u00fctzung und andere Formen der Zusammenarbeit mit rechtspopulistischen Parteien in Europa unterh\u00e4lt, einschlie\u00dflich der AfD. Ein Bericht des New Lines Magazine beschreibt, wie der russische Oligarch Konstantin Malofeev und andere Kreml-nahe Akteure europ\u00e4ische Rechtspopulisten unterst\u00fctzen, um die EU zu destabilisieren\u200b (<a href=\"https:\/\/newlinesmag.com\/reportage\/exclusive-russia-backs-europes-far-right\/\" target=\"_blank\" rel=\"noopener\" title=\"\">New Lines Magazine<\/a>)\u200b. Diese Verbindungen umfassen finanzielle Transaktionen und strategische Treffen, die darauf abzielen, den Einfluss Russlands in Europa zu st\u00e4rken und EU-skeptische Parteien zu f\u00f6rdern.<\/p>\n\n\n\n<p>Ein Bericht des European Council on Foreign Relations (ECFR) beschreibt, wie rechtspopulistische Parteien in Europa, einschlie\u00dflich der AfD, von Russland unterst\u00fctzt werden, um anti-westliche und antiliberale Narrative zu verbreiten und die europ\u00e4ische Integration zu untergraben\u200b (<a href=\"https:\/\/ecfr.eu\/article\/commentary_putins_friends_in_europe7153\/\" target=\"_blank\" rel=\"noopener\" title=\"\">ECFR<\/a>)\u200b.<\/p>\n\n\n\n<p>Lawfare Media berichtet \u00fcber die Verbindungen zwischen extrem rechten Gruppen und Russland, einschlie\u00dflich der Unterst\u00fctzung, die AfD-Mitglieder von russischen Quellen erhalten haben\u200b (<a href=\"https:\/\/www.lawfaremedia.org\/article\/russias-far-right-campaign-europe\" target=\"_blank\" rel=\"noopener\" title=\"\">Lawfare Media<\/a>)\u200b.<\/p>\n\n\n\n<p>Ein Bericht von Euronews und eine Einsch\u00e4tzung des US-Au\u00dfenministeriums legen nahe, dass Russland seit 2014 mehr als 300 Millionen Dollar ausgegeben hat, um Politiker:innen und politische Parteien in Europa zu beeinflussen\u200b (<a href=\"https:\/\/www.euronews.com\/2022\/09\/14\/russia-spent-hundreds-of-millions-to-target-politicians-and-political-parties-in-europe-sa\" target=\"_blank\" rel=\"noopener\" title=\"\">euronews<\/a>)\u200b. Diese finanziellen Unterst\u00fctzungen umfassen direkte Zahlungen, die durch Tarnorganisationen und Think Tanks geleitet werden, um die politische Landschaft zu beeinflussen und pro-russische Einstellungen zu f\u00f6rdern (hier k\u00f6nnte man kurz auf 16 Jahre pro russischen CDU\/CSU-Kurs zur\u00fcckblicken und seine Schl\u00fcsse ziehen).<\/p>\n\n\n\n<p>Beispielsweise steht der AfD-Politiker Maximilian Krah unter Verdacht, Zahlungen aus Russland erhalten zu haben. Ermittlungen der deutschen Staatsanwaltschaft beinhalten Vorw\u00fcrfe, dass Krah finanzielle Unterst\u00fctzung von Kreml-nahen Quellen angenommen hat, was auf eine langfristige Zahlungsvereinbarung hinweist\u200b (<a href=\"https:\/\/www.dw.com\/en\/germany-afds-krah-faces-probe-on-russia-china-payments\/a-68912872\" target=\"_blank\" rel=\"noopener\" title=\"\">DW<\/a>)\u200b\u200b (<a href=\"https:\/\/www.politico.eu\/article\/russiagate-hits-german-far-right-european-parliament-afd\/\" target=\"_blank\" rel=\"noopener\" title=\"\">POLITICO<\/a>)\u200b.<\/p>\n\n\n\n<p>Ein weiterer Fall betrifft den AfD-Politiker Petr Bystron, der beschuldigt wurde, Gelder von einem pro-russischen Netzwerk erhalten zu haben. Diese Anschuldigungen wurden durch Audioaufnahmen gest\u00fctzt, in denen Bystron angeblich Geld f\u00fcr Dienstleistungen im Zusammenhang mit der russischen Plattform Voice of Europe annahm\u200b (<a href=\"https:\/\/english.nv.ua\/nation\/german-afd-mp-received-money-from-moscow-media-report-alleges-50405624.html\" target=\"_blank\" rel=\"noopener\" title=\"\">New Voice of Ukraine<\/a>)\u200b.<\/p>\n\n\n\n<p>W\u00e4hrend die direkten Verbindungen zwischen der AfD und China weniger dokumentiert sind, gibt es allgemeine Bedenken, dass China bestrebt ist, seinen Einfluss in Europa durch wirtschaftliche Investitionen und politische Verbindungen zu erweitern. Diese Einflussnahme k\u00f6nnte auch die Unterst\u00fctzung von politischen Bewegungen umfassen, die die europ\u00e4ische Einheit schw\u00e4chen k\u00f6nnten.<\/p>\n\n\n\n<p>Der Fall von Maximilian Krah zeigt jedoch, dass es auch Verbindungen zu China geben k\u00f6nnte. Krah steht n\u00e4mlich ebenfalls unter Verdacht, Zahlungen aus China erhalten zu haben. Diese Vorw\u00fcrfe umfassen angebliche Zahlungen f\u00fcr seine Rolle als Parlamentarier, was ebenfalls Gegenstand der Ermittlungen der deutschen Staatsanwaltschaft ist\u200b (<a href=\"https:\/\/www.dw.com\/en\/germany-afds-krah-faces-probe-on-russia-china-payments\/a-68912872\" target=\"_blank\" rel=\"noopener\" title=\"\">DW<\/a>)\u200b.<\/p>\n\n\n\n<p>Die finanzielle Unterst\u00fctzung und die strategische Zusammenarbeit zwischen Russland und rechtspopulistischen Parteien in Europa, einschlie\u00dflich der AfD, sind gut dokumentiert. Wie diese Einflussnahme auf Deutschland und die europ\u00e4ische Union Vorteile bringen k\u00f6nnte, l\u00e4sst sich wunderbar am lateinischen Sprichwort &#8222;divide et impera&#8220; (teile und herrsche) ableiten. Das Prinzip, eine Gruppe zu spalten, um leichter \u00fcber sie herrschen zu k\u00f6nnen, wird hier auf geopolitischer Ebene angewandt. Russland nutzt die Spaltung innerhalb Europas, um seine eigenen Interessen zu f\u00f6rdern und den Zusammenhalt der EU zu schw\u00e4chen. Diese Taktik erm\u00f6glicht es Russland, seinen Einfluss in Europa zu verst\u00e4rken und die westliche Allianz zu destabilisieren.<\/p>\n\n\n\n<div style=\"height:100px\" aria-hidden=\"true\" class=\"wp-block-spacer\"><\/div>\n\n\n\n<h3 class=\"wp-block-heading\">Was kann konkret passieren?<\/h3>\n\n\n\n<p>Dass Europa einen Rechtsrutsch erlebt hat, ist inzwischen nicht mehr zu leugnen, doch was hei\u00dft das jetzt genau?<br><br>Offensichtlich hei\u00dft das, dass viele leute deutlich weiter Rechts vom Zentrum gew\u00e4hlt haben als bisher. F\u00fcr uns sind aber auch die Konsequenzen, die daraus resultieren, beunruhigend. Denn auch die CDU\/CSU hat einen deutlichen W\u00e4hlerzuwachs gesehen, was unserer Meinung daran liegen kann, dass sie sich selbst ein St\u00fcck weiter von der Mitte hin zum rechten Rand bewegt hat.<\/p>\n\n\n\n<p>Ein weiterer Punkt ist, dass die Parteien nun, um Mehrheiten im EU-Parlament zu erlangen, immer \u00f6fter auf andere rechte Parteien zugehen m\u00fcssen oder ihre eigene Angende entsprechend anpassen, um Mehrheiten zu erreichen und Beschl\u00fcsse durch zu boxen.<\/p>\n\n\n\n<div style=\"height:100px\" aria-hidden=\"true\" class=\"wp-block-spacer\"><\/div>\n\n\n\n<h3 class=\"wp-block-heading\">Was also tun?<\/h3>\n\n\n\n<p>Es liegt also an uns, eine gesunden Dialog zwischen den politischen Lagern zu f\u00fchren und so der Spaltung und dem Extremismus Einhalt zu gebieten.<\/p>\n\n\n\n<p>Schaffen wir es nicht, den Dialog mit gem\u00e4\u00dfigten Andersdenkenden aufrechtzuerhalten oder wieder aufzunehmen, wird sich die politische Landschaft in Europa derjenigen der USA ann\u00e4hern, wo sich Democrats und Republicans so gut wie gar nicht mehr begegnen und sich eine beinahe vollst\u00e4ndige Spaltung der Gesellschaft vollzogen hat &#8211; nicht nur von oben nach unten, sondern eben auch von links nach rechts. Diese Polarisierung kann zu einer gef\u00e4hrlichen Radikalisierung f\u00fchren und den sozialen Zusammenhalt gef\u00e4hrden.<\/p>\n\n\n\n<p>Es ist von entscheidender Bedeutung, den Dialog zwischen verschiedenen politischen Lagern zu f\u00f6rdern und gemeinsame L\u00f6sungen f\u00fcr die Herausforderungen unserer Zeit zu finden. Nur durch einen offenen und respektvollen Austausch k\u00f6nnen wir verhindern, dass extreme Positionen weiter an Einfluss gewinnen und unsere Gesellschaft weiter spalten.<\/p>\n\n\n\n<p>Um dies zu erreichen, m\u00fcssen wir Wege finden, um Br\u00fccken zu bauen und den gegenseitigen Respekt zu f\u00f6rdern, selbst wenn wir in vielen Fragen unterschiedlicher Meinung sind. Nur so k\u00f6nnen wir eine gespaltene Gesellschaft vermeiden und eine starke, vereinte und stabile Demokratie bewahren.<\/p>\n\n\n\n<p>Platon erkl\u00e4rt in seinem Buch <em>Der Staat<\/em>, dass Regierungen auf der Grundlage des moralischen und ethischen Zustands der Bev\u00f6lkerung entstehen. Um es etwas einfacher auszudr\u00fccken; unsichere Bev\u00f6lkerungen w\u00e4hlen unsichere Regierungen, rechte Bev\u00f6lkerungen w\u00e4hlen rechte Regierungen und gespaltene Bev\u00f6lkerungen w\u00e4hlen gespaltene Regierungen. Dies scheint zum einen sehr logisch und klar zu sein, allerdings muss man erst einmal dar\u00fcber nachdenken, um diesen Gedanken zu verstehen.<br><br>Platon zeigt uns also, dass wir als Gesellschaft immer weiter auseinander rutschen und dies spiegelt sich auch in den vielen kleinen Parteien wider, die gew\u00e4hlt wurden. W\u00e4hrend fr\u00fcher Sozialdemokraten und Union den gr\u00f6\u00dften Teil der Stimmen erhielten, ist das Ergebnis der letzten Wahlen deutlich breiter gestreut.<\/p>\n\n\n\n<p>Dieser Blogartikel soll allerdings nicht weiter zu dieser Spaltung beitragen, wir wollen viel mehr zum Reflektieren ermutigen, zum genauen Betrachten der aktuellen Situation und zum Austausch. Abschlie\u00dfen wollen wir entsprechend mit Voltaire:<br><\/p>\n\n\n\n<figure class=\"wp-block-pullquote\"><blockquote><p><strong>\u201eIch bin zwar anderer Meinung als Sie, aber ich w\u00fcrde mein Leben daf\u00fcr geben, da\u00df Sie Ihre Meinung frei aussprechen d\u00fcrfen.\u201c<\/strong><\/p><cite>Voltaire<\/cite><\/blockquote><\/figure>\n","protected":false},"excerpt":{"rendered":"<p>Yesterday, the German people voted in the European elections. The result was not particularly surprising. Nevertheless, we want to interpret the result and what it means in a philosophical way and express our opinion. Not only Hegel noted that the events of history always repeat themselves twice, George Santayana also said: \"He who forgets the past...<\/p>","protected":false},"author":1,"featured_media":6308,"comment_status":"open","ping_status":"closed","sticky":false,"template":"","format":"standard","meta":{"om_disable_all_campaigns":false,"_monsterinsights_skip_tracking":false,"_monsterinsights_sitenote_active":false,"_monsterinsights_sitenote_note":"","_monsterinsights_sitenote_category":0,"_kad_post_transparent":"","_kad_post_title":"","_kad_post_layout":"","_kad_post_sidebar_id":"","_kad_post_content_style":"","_kad_post_vertical_padding":"","_kad_post_feature":"","_kad_post_feature_position":"","_kad_post_header":false,"_kad_post_footer":false,"footnotes":""},"categories":[15,13],"tags":[],"class_list":["post-6298","post","type-post","status-publish","format-standard","has-post-thumbnail","hentry","category-lifestyle","category-philosophie"],"aioseo_notices":[],"_links":{"self":[{"href":"https:\/\/how-to-live.de\/en\/wp-json\/wp\/v2\/posts\/6298","targetHints":{"allow":["GET"]}}],"collection":[{"href":"https:\/\/how-to-live.de\/en\/wp-json\/wp\/v2\/posts"}],"about":[{"href":"https:\/\/how-to-live.de\/en\/wp-json\/wp\/v2\/types\/post"}],"author":[{"embeddable":true,"href":"https:\/\/how-to-live.de\/en\/wp-json\/wp\/v2\/users\/1"}],"replies":[{"embeddable":true,"href":"https:\/\/how-to-live.de\/en\/wp-json\/wp\/v2\/comments?post=6298"}],"version-history":[{"count":9,"href":"https:\/\/how-to-live.de\/en\/wp-json\/wp\/v2\/posts\/6298\/revisions"}],"predecessor-version":[{"id":6311,"href":"https:\/\/how-to-live.de\/en\/wp-json\/wp\/v2\/posts\/6298\/revisions\/6311"}],"wp:featuredmedia":[{"embeddable":true,"href":"https:\/\/how-to-live.de\/en\/wp-json\/wp\/v2\/media\/6308"}],"wp:attachment":[{"href":"https:\/\/how-to-live.de\/en\/wp-json\/wp\/v2\/media?parent=6298"}],"wp:term":[{"taxonomy":"category","embeddable":true,"href":"https:\/\/how-to-live.de\/en\/wp-json\/wp\/v2\/categories?post=6298"},{"taxonomy":"post_tag","embeddable":true,"href":"https:\/\/how-to-live.de\/en\/wp-json\/wp\/v2\/tags?post=6298"}],"curies":[{"name":"wp","href":"https:\/\/api.w.org\/{rel}","templated":true}]}}